{"id":324,"date":"2020-06-24T16:45:12","date_gmt":"2020-06-24T14:45:12","guid":{"rendered":"https:\/\/www.terre-et-feu.com\/lille\/?p=324"},"modified":"2025-05-26T18:25:44","modified_gmt":"2025-05-26T16:25:44","slug":"stage-dessin-carnet-de-voyage","status":"publish","type":"post","link":"https:\/\/www.terre-et-feu.com\/lille\/stage-dessin-carnet-de-voyage\/","title":{"rendered":"Stage Dessin : Carnet de voyage"},"content":{"rendered":"<h1>Stage de Dessin : Carnet de voyage<\/h1>\n<p>\t\t\t\t\tDu 7 au 11 juillet 2025 de 9h30 \u00e0 12h30<br \/>\n\t\t\t\t\t\t\t\t\t\t\t\t\t\t\t<img loading=\"lazy\" decoding=\"async\" width=\"354\" height=\"349\" src=\"https:\/\/www.terre-et-feu.com\/lille\/wp-content\/uploads\/sites\/7\/2021\/06\/carnet-de-voyage.png\" alt=\"\" \/>\t\t\t\t\t\t\t\t\t\t\t\t\t\t\t<\/p>\n<h2>INFOS PRATIQUES<\/h2>\n<p>A partir de 14 ans.<br \/>Du 7 au 11 juillet de 9h30 \u00e0 12h30<br \/>Avec Jonathan<\/p>\n<p><strong>CONTENU<\/strong><br \/>Vous aborderez diff\u00e9rentes techniques li\u00e9es au croquis, l\u2019aquarelle, la gouache, le crayon aquarellable&#8230;<\/p>\n<p><strong>CONDITIONS D\u2019INSCRIPTION<\/strong><br \/>Inscription par correspondance ou sur place d\u00e8s maintenant \u2013 TARIF&nbsp;: 250\u20ac<br \/>Renseignements&nbsp;: Tel : 03.20.150.100 \u2013 Mail : lille@terre-et-feu.com<\/p>\n<p><strong>MOYENS TECHNIQUES ET METHODES PEDAGOGIQUES<\/strong><br \/>Mat\u00e9riel fourni<br \/>Le stage se d\u00e9roulera sur la base de 5 participants minimum<\/p>\n<p>\t\t\t\t\t<a href=\"https:\/\/www.terre-et-feu.com\/lille\/wp-content\/uploads\/sites\/7\/2025\/05\/2025-inscription-stages-ete.pdf\" target=\"_blank\"><br \/>\n\t\t\t\t\t\t\t\t\tS&rsquo;INSCRIRE AU STAGE<br \/>\n\t\t\t\t\t<\/a><\/p>\n","protected":false},"excerpt":{"rendered":"<p>Stage de Dessin : Carnet de voyage Du 7 au 11 juillet 2025 de 9h30 \u00e0 12h30 INFOS PRATIQUES A partir de 14 ans.Du 7 au 11 juillet de 9h30 \u00e0 12h30Avec Jonathan CONTENUVous aborderez diff\u00e9rentes techniques li\u00e9es au croquis, l\u2019aquarelle, la gouache, le crayon aquarellable&#8230; CONDITIONS D\u2019INSCRIPTIONInscription par correspondance ou sur place d\u00e8s maintenant [&hellip;]<\/p>\n","protected":false},"author":1,"featured_media":449,"comment_status":"open","ping_status":"open","sticky":false,"template":"elementor_header_footer","format":"standard","meta":{"footnotes":""},"categories":[3],"tags":[],"class_list":["post-324","post","type-post","status-publish","format-standard","has-post-thumbnail","hentry","category-dessin-peinture"],"_links":{"self":[{"href":"https:\/\/www.terre-et-feu.com\/lille\/wp-json\/wp\/v2\/posts\/324","targetHints":{"allow":["GET"]}}],"collection":[{"href":"https:\/\/www.terre-et-feu.com\/lille\/wp-json\/wp\/v2\/posts"}],"about":[{"href":"https:\/\/www.terre-et-feu.com\/lille\/wp-json\/wp\/v2\/types\/post"}],"author":[{"embeddable":true,"href":"https:\/\/www.terre-et-feu.com\/lille\/wp-json\/wp\/v2\/users\/1"}],"replies":[{"embeddable":true,"href":"https:\/\/www.terre-et-feu.com\/lille\/wp-json\/wp\/v2\/comments?post=324"}],"version-history":[{"count":53,"href":"https:\/\/www.terre-et-feu.com\/lille\/wp-json\/wp\/v2\/posts\/324\/revisions"}],"predecessor-version":[{"id":2094,"href":"https:\/\/www.terre-et-feu.com\/lille\/wp-json\/wp\/v2\/posts\/324\/revisions\/2094"}],"wp:featuredmedia":[{"embeddable":true,"href":"https:\/\/www.terre-et-feu.com\/lille\/wp-json\/wp\/v2\/media\/449"}],"wp:attachment":[{"href":"https:\/\/www.terre-et-feu.com\/lille\/wp-json\/wp\/v2\/media?parent=324"}],"wp:term":[{"taxonomy":"category","embeddable":true,"href":"https:\/\/www.terre-et-feu.com\/lille\/wp-json\/wp\/v2\/categories?post=324"},{"taxonomy":"post_tag","embeddable":true,"href":"https:\/\/www.terre-et-feu.com\/lille\/wp-json\/wp\/v2\/tags?post=324"}],"curies":[{"name":"wp","href":"https:\/\/api.w.org\/{rel}","templated":true}]}}