{"id":541,"date":"2021-04-22T09:57:11","date_gmt":"2021-04-22T07:57:11","guid":{"rendered":"https:\/\/www.terre-et-feu.com\/paris-14\/?p=541"},"modified":"2021-04-22T09:57:15","modified_gmt":"2021-04-22T07:57:15","slug":"stage-modelage-portrait","status":"publish","type":"post","link":"https:\/\/www.terre-et-feu.com\/paris-14\/stage-modelage-portrait\/","title":{"rendered":"Stage Modelage : Le portrait"},"content":{"rendered":"\t\t<div data-elementor-type=\"wp-post\" data-elementor-id=\"541\" class=\"elementor elementor-541\" data-elementor-settings=\"{&quot;element_pack_global_tooltip_width&quot;:{&quot;unit&quot;:&quot;px&quot;,&quot;size&quot;:&quot;&quot;,&quot;sizes&quot;:[]},&quot;element_pack_global_tooltip_width_tablet&quot;:{&quot;unit&quot;:&quot;px&quot;,&quot;size&quot;:&quot;&quot;,&quot;sizes&quot;:[]},&quot;element_pack_global_tooltip_width_mobile&quot;:{&quot;unit&quot;:&quot;px&quot;,&quot;size&quot;:&quot;&quot;,&quot;sizes&quot;:[]},&quot;element_pack_global_tooltip_padding&quot;:{&quot;unit&quot;:&quot;px&quot;,&quot;top&quot;:&quot;&quot;,&quot;right&quot;:&quot;&quot;,&quot;bottom&quot;:&quot;&quot;,&quot;left&quot;:&quot;&quot;,&quot;isLinked&quot;:true},&quot;element_pack_global_tooltip_padding_tablet&quot;:{&quot;unit&quot;:&quot;px&quot;,&quot;top&quot;:&quot;&quot;,&quot;right&quot;:&quot;&quot;,&quot;bottom&quot;:&quot;&quot;,&quot;left&quot;:&quot;&quot;,&quot;isLinked&quot;:true},&quot;element_pack_global_tooltip_padding_mobile&quot;:{&quot;unit&quot;:&quot;px&quot;,&quot;top&quot;:&quot;&quot;,&quot;right&quot;:&quot;&quot;,&quot;bottom&quot;:&quot;&quot;,&quot;left&quot;:&quot;&quot;,&quot;isLinked&quot;:true},&quot;element_pack_global_tooltip_border_radius&quot;:{&quot;unit&quot;:&quot;px&quot;,&quot;top&quot;:&quot;&quot;,&quot;right&quot;:&quot;&quot;,&quot;bottom&quot;:&quot;&quot;,&quot;left&quot;:&quot;&quot;,&quot;isLinked&quot;:true},&quot;element_pack_global_tooltip_border_radius_tablet&quot;:{&quot;unit&quot;:&quot;px&quot;,&quot;top&quot;:&quot;&quot;,&quot;right&quot;:&quot;&quot;,&quot;bottom&quot;:&quot;&quot;,&quot;left&quot;:&quot;&quot;,&quot;isLinked&quot;:true},&quot;element_pack_global_tooltip_border_radius_mobile&quot;:{&quot;unit&quot;:&quot;px&quot;,&quot;top&quot;:&quot;&quot;,&quot;right&quot;:&quot;&quot;,&quot;bottom&quot;:&quot;&quot;,&quot;left&quot;:&quot;&quot;,&quot;isLinked&quot;:true}}\" data-elementor-post-type=\"post\">\n\t\t\t\t\t\t<section class=\"elementor-section elementor-top-section elementor-element elementor-element-c4a2bf4 elementor-hidden-phone elementor-section-boxed elementor-section-height-default elementor-section-height-default\" data-id=\"c4a2bf4\" data-element_type=\"section\" data-e-type=\"section\">\n\t\t\t\t\t\t<div class=\"elementor-container elementor-column-gap-default\">\n\t\t\t\t\t<div class=\"elementor-column elementor-col-100 elementor-top-column elementor-element elementor-element-4be1713\" data-id=\"4be1713\" data-element_type=\"column\" data-e-type=\"column\">\n\t\t\t<div class=\"elementor-widget-wrap elementor-element-populated\">\n\t\t\t\t\t\t<div class=\"elementor-element elementor-element-11838b3 elementor-widget elementor-widget-spacer\" data-id=\"11838b3\" data-element_type=\"widget\" data-e-type=\"widget\" data-widget_type=\"spacer.default\">\n\t\t\t\t<div class=\"elementor-widget-container\">\n\t\t\t\t\t\t\t<div class=\"elementor-spacer\">\n\t\t\t<div class=\"elementor-spacer-inner\"><\/div>\n\t\t<\/div>\n\t\t\t\t\t\t<\/div>\n\t\t\t\t<\/div>\n\t\t\t\t\t<\/div>\n\t\t<\/div>\n\t\t\t\t\t<\/div>\n\t\t<\/section>\n\t\t\t\t<section class=\"elementor-section elementor-top-section elementor-element elementor-element-d6c6b6c elementor-section-boxed elementor-section-height-default elementor-section-height-default\" data-id=\"d6c6b6c\" data-element_type=\"section\" data-e-type=\"section\">\n\t\t\t\t\t\t<div class=\"elementor-container elementor-column-gap-default\">\n\t\t\t\t\t<div class=\"elementor-column elementor-col-33 elementor-top-column elementor-element elementor-element-6022c02\" data-id=\"6022c02\" data-element_type=\"column\" data-e-type=\"column\">\n\t\t\t<div class=\"elementor-widget-wrap\">\n\t\t\t\t\t\t\t<\/div>\n\t\t<\/div>\n\t\t\t\t<div class=\"elementor-column elementor-col-33 elementor-top-column elementor-element elementor-element-09e5bf7\" data-id=\"09e5bf7\" data-element_type=\"column\" data-e-type=\"column\">\n\t\t\t<div class=\"elementor-widget-wrap elementor-element-populated\">\n\t\t\t\t\t\t<div class=\"elementor-element elementor-element-5eda966 elementor-hidden-phone elementor-widget elementor-widget-heading\" data-id=\"5eda966\" data-element_type=\"widget\" data-e-type=\"widget\" data-widget_type=\"heading.default\">\n\t\t\t\t<div class=\"elementor-widget-container\">\n\t\t\t\t\t<h1 class=\"elementor-heading-title elementor-size-medium\">Stage de Modelage  : Le portrait <\/h1>\t\t\t\t<\/div>\n\t\t\t\t<\/div>\n\t\t\t\t<div class=\"elementor-element elementor-element-ecd0b97 elementor-hidden-phone elementor-widget elementor-widget-heading\" data-id=\"ecd0b97\" data-element_type=\"widget\" data-e-type=\"widget\" data-widget_type=\"heading.default\">\n\t\t\t\t<div class=\"elementor-widget-container\">\n\t\t\t\t\t<h1 class=\"elementor-heading-title elementor-size-medium\">Dimanche 06 Juin 2021 - dur\u00e9e 6h.\nDe 10h \u00e0 13h et de 14h \u00e0 17h<\/h1>\t\t\t\t<\/div>\n\t\t\t\t<\/div>\n\t\t\t\t<section class=\"elementor-section elementor-inner-section elementor-element elementor-element-d75e8ec elementor-section-boxed elementor-section-height-default elementor-section-height-default\" data-id=\"d75e8ec\" data-element_type=\"section\" data-e-type=\"section\">\n\t\t\t\t\t\t<div class=\"elementor-container elementor-column-gap-default\">\n\t\t\t\t\t<div class=\"elementor-column elementor-col-50 elementor-inner-column elementor-element elementor-element-8737eb7 elementor-hidden-phone\" data-id=\"8737eb7\" data-element_type=\"column\" data-e-type=\"column\">\n\t\t\t<div class=\"elementor-widget-wrap elementor-element-populated\">\n\t\t\t\t\t\t<div class=\"elementor-element elementor-element-0f4f60b elementor-widget elementor-widget-image\" data-id=\"0f4f60b\" data-element_type=\"widget\" data-e-type=\"widget\" data-widget_type=\"image.default\">\n\t\t\t\t<div class=\"elementor-widget-container\">\n\t\t\t\t\t\t\t\t\t\t\t\t\t\t\t<img fetchpriority=\"high\" decoding=\"async\" width=\"420\" height=\"281\" src=\"https:\/\/www.terre-et-feu.com\/paris-14\/wp-content\/uploads\/sites\/4\/2020\/03\/ceramique_paris14_2.jpg\" class=\"attachment-full size-full wp-image-157\" alt=\"Cours de c\u00e9ramique Paris 14 Al\u00e9sia \u2014 Atelier Terre et Feu\" \/>\t\t\t\t\t\t\t\t\t\t\t\t\t\t\t<\/div>\n\t\t\t\t<\/div>\n\t\t\t\t<div class=\"elementor-element elementor-element-42974e2 elementor-widget elementor-widget-button\" data-id=\"42974e2\" data-element_type=\"widget\" data-e-type=\"widget\" data-widget_type=\"button.default\">\n\t\t\t\t<div class=\"elementor-widget-container\">\n\t\t\t\t\t\t\t\t\t<div class=\"elementor-button-wrapper\">\n\t\t\t\t\t<a class=\"elementor-button elementor-button-link elementor-size-sm\" href=\"https:\/\/www.terre-et-feu.com\/paris\/inscription-au-stage-modelage-portrait\/\" target=\"_blank\">\n\t\t\t\t\t\t<span class=\"elementor-button-content-wrapper\">\n\t\t\t\t\t\t\t\t\t<span class=\"elementor-button-text\">INSCRIPTION EN LIGNE<\/span>\n\t\t\t\t\t<\/span>\n\t\t\t\t\t<\/a>\n\t\t\t\t<\/div>\n\t\t\t\t\t\t\t\t<\/div>\n\t\t\t\t<\/div>\n\t\t\t\t\t<\/div>\n\t\t<\/div>\n\t\t\t\t<div class=\"elementor-column elementor-col-50 elementor-inner-column elementor-element elementor-element-5f4f15c\" data-id=\"5f4f15c\" data-element_type=\"column\" data-e-type=\"column\">\n\t\t\t<div class=\"elementor-widget-wrap elementor-element-populated\">\n\t\t\t\t\t\t<div class=\"elementor-element elementor-element-1c78010 elementor-widget elementor-widget-text-editor\" data-id=\"1c78010\" data-element_type=\"widget\" data-e-type=\"widget\" data-widget_type=\"text-editor.default\">\n\t\t\t\t<div class=\"elementor-widget-container\">\n\t\t\t\t\t\t\t\t\t<p class=\"p1\"><span class=\"s1\"><b>Contenu<span class=\"Apple-converted-space\">\u00a0<\/span><\/b><\/span><\/p><p class=\"p1\">Ce stage s\u2019adresse aux d\u00e9butants comme aux personnes ayant d\u00e9j\u00e0 une certaine exp\u00e9rience.<span class=\"Apple-converted-space\">\u00a0<\/span><\/p><p class=\"p1\">Par l&rsquo;apprentissage de l&rsquo;Anatomie et par la pratique, vous acquerrez les connaissances fondamentales et n\u00e9cessaires au d\u00e9veloppement des bons r\u00e9flexes pour la cr\u00e9ation d\u2019un portrait.<\/p><p class=\"p1\">Vous d\u00e9couvrirez par une m\u00e9thode progressive, la construction et la composition du visage en \u00e9l\u00e9ments simples (sph\u00e8res, plans, triangles &#8230;).<br \/>Des notions d&rsquo;anatomie cr\u00e2nienne seront abord\u00e9es ainsi que des techniques de trac\u00e9 et de localisation des \u00e9l\u00e9ments constitutifs d&rsquo;un visage.<br \/>De mani\u00e8re progressive vous mod\u00e8lerez un nez, une bouche, une oreille puis un \u0153il.<br \/>Ces techniques transmises vous permettront de progresser dans la r\u00e9alisation de vos sculptures.<span class=\"Apple-converted-space\">\u00a0<br \/><\/span>La derni\u00e8re heure sera consacr\u00e9e aux finitions et aux vidages des pi\u00e8ces.<span class=\"Apple-converted-space\">\u00a0<\/span><\/p><p><span class=\"s1\"><b>Professeur<br \/><\/b><\/span>Pierre MOUCHET<\/p><p><span class=\"s1\"><b><br \/><br \/><\/b><\/span><\/p>\t\t\t\t\t\t\t\t<\/div>\n\t\t\t\t<\/div>\n\t\t\t\t\t<\/div>\n\t\t<\/div>\n\t\t\t\t\t<\/div>\n\t\t<\/section>\n\t\t\t\t<section class=\"elementor-section elementor-inner-section elementor-element elementor-element-c36fc30 elementor-section-boxed elementor-section-height-default elementor-section-height-default\" data-id=\"c36fc30\" data-element_type=\"section\" data-e-type=\"section\">\n\t\t\t\t\t\t<div class=\"elementor-container elementor-column-gap-default\">\n\t\t\t\t\t<div class=\"elementor-column elementor-col-50 elementor-inner-column elementor-element elementor-element-ab6a46e elementor-hidden-desktop elementor-hidden-tablet\" data-id=\"ab6a46e\" data-element_type=\"column\" data-e-type=\"column\">\n\t\t\t<div class=\"elementor-widget-wrap elementor-element-populated\">\n\t\t\t\t\t\t<div class=\"elementor-element elementor-element-6918540 elementor-widget elementor-widget-button\" data-id=\"6918540\" data-element_type=\"widget\" data-e-type=\"widget\" data-widget_type=\"button.default\">\n\t\t\t\t<div class=\"elementor-widget-container\">\n\t\t\t\t\t\t\t\t\t<div class=\"elementor-button-wrapper\">\n\t\t\t\t\t<a class=\"elementor-button elementor-button-link elementor-size-sm\" href=\"https:\/\/www.terre-et-feu.com\/paris\/inscription-au-stage-modelage-portrait\/\" target=\"_blank\">\n\t\t\t\t\t\t<span class=\"elementor-button-content-wrapper\">\n\t\t\t\t\t\t\t\t\t<span class=\"elementor-button-text\">INSCRIPTION EN LIGNE<\/span>\n\t\t\t\t\t<\/span>\n\t\t\t\t\t<\/a>\n\t\t\t\t<\/div>\n\t\t\t\t\t\t\t\t<\/div>\n\t\t\t\t<\/div>\n\t\t\t\t\t<\/div>\n\t\t<\/div>\n\t\t\t\t<div class=\"elementor-column elementor-col-50 elementor-inner-column elementor-element elementor-element-16a308c\" data-id=\"16a308c\" data-element_type=\"column\" data-e-type=\"column\">\n\t\t\t<div class=\"elementor-widget-wrap elementor-element-populated\">\n\t\t\t\t\t\t<div class=\"elementor-element elementor-element-693e12c elementor-hidden-desktop elementor-hidden-tablet elementor-widget elementor-widget-image\" data-id=\"693e12c\" data-element_type=\"widget\" data-e-type=\"widget\" data-widget_type=\"image.default\">\n\t\t\t\t<div class=\"elementor-widget-container\">\n\t\t\t\t\t\t\t\t\t\t\t\t\t\t\t<img decoding=\"async\" width=\"147\" height=\"120\" src=\"https:\/\/www.terre-et-feu.com\/paris-14\/wp-content\/uploads\/sites\/4\/2020\/03\/ceramique_paris14_2-147x120.jpg\" class=\"attachment-thumbnail size-thumbnail wp-image-157\" alt=\"Cours de c\u00e9ramique Paris 14 Al\u00e9sia \u2014 Atelier Terre et Feu\" \/>\t\t\t\t\t\t\t\t\t\t\t\t\t\t\t<\/div>\n\t\t\t\t<\/div>\n\t\t\t\t\t<\/div>\n\t\t<\/div>\n\t\t\t\t\t<\/div>\n\t\t<\/section>\n\t\t\t\t\t<\/div>\n\t\t<\/div>\n\t\t\t\t<div class=\"elementor-column elementor-col-33 elementor-top-column elementor-element elementor-element-a7b56bb\" data-id=\"a7b56bb\" data-element_type=\"column\" data-e-type=\"column\">\n\t\t\t<div class=\"elementor-widget-wrap\">\n\t\t\t\t\t\t\t<\/div>\n\t\t<\/div>\n\t\t\t\t\t<\/div>\n\t\t<\/section>\n\t\t\t\t<section class=\"elementor-section elementor-top-section elementor-element elementor-element-9cf5dac elementor-section-boxed elementor-section-height-default elementor-section-height-default\" data-id=\"9cf5dac\" data-element_type=\"section\" data-e-type=\"section\">\n\t\t\t\t\t\t<div class=\"elementor-container elementor-column-gap-default\">\n\t\t\t\t\t<div class=\"elementor-column elementor-col-33 elementor-top-column elementor-element elementor-element-5adb393\" data-id=\"5adb393\" data-element_type=\"column\" data-e-type=\"column\">\n\t\t\t<div class=\"elementor-widget-wrap\">\n\t\t\t\t\t\t\t<\/div>\n\t\t<\/div>\n\t\t\t\t<div class=\"elementor-column elementor-col-33 elementor-top-column elementor-element elementor-element-c4bfd60\" data-id=\"c4bfd60\" data-element_type=\"column\" data-e-type=\"column\">\n\t\t\t<div class=\"elementor-widget-wrap elementor-element-populated\">\n\t\t\t\t\t\t<div class=\"elementor-element elementor-element-992f220 elementor-widget elementor-widget-heading\" data-id=\"992f220\" data-element_type=\"widget\" data-e-type=\"widget\" data-widget_type=\"heading.default\">\n\t\t\t\t<div class=\"elementor-widget-container\">\n\t\t\t\t\t<h1 class=\"elementor-heading-title elementor-size-medium\">INFOS PRATIQUES<\/h1>\t\t\t\t<\/div>\n\t\t\t\t<\/div>\n\t\t\t\t<div class=\"elementor-element elementor-element-dfaad30 elementor-widget elementor-widget-text-editor\" data-id=\"dfaad30\" data-element_type=\"widget\" data-e-type=\"widget\" data-widget_type=\"text-editor.default\">\n\t\t\t\t<div class=\"elementor-widget-container\">\n\t\t\t\t\t\t\t\t\t<p><strong><span class=\"title-option\">Stage de Modelage : Le portrait<br \/><\/span>Atelier Terre &amp; Feu : 37 Bis Villa d\u2019Al\u00e9sia &#8211; 75014 Paris<span class=\"Apple-converted-space\">\u00a0<\/span><\/strong><\/p><p><strong><span class=\"title-option\">PUBLIC &amp; TARIF<\/span><\/strong><br \/>D\u00e9butant et\/ou confirm\u00e9<br \/>110 euros, mat\u00e9riels compris<\/p><p class=\"p1\"><span class=\"s1\"><b>Mat\u00e9riel fourni par l&rsquo;atelier<br \/><\/b><\/span>Terre , sellette , outils etc<\/p><p class=\"p1\"><span class=\"s1\"><b>A apporter <br \/><\/b><\/span>Vote envie et un l\u00e9ger repas froid pour la pause<\/p><p><strong><span class=\"title-option\">DATES DU STAGE<br \/><\/span><\/strong>Dimanche 06 Juin 2021 dur\u00e9e 6h<br \/>De 10h \u00e0 13h et de 14h \u00e0 17h<\/p>\t\t\t\t\t\t\t\t<\/div>\n\t\t\t\t<\/div>\n\t\t\t\t<div class=\"elementor-element elementor-element-79bb31e elementor-align-center elementor-widget elementor-widget-button\" data-id=\"79bb31e\" data-element_type=\"widget\" data-e-type=\"widget\" data-widget_type=\"button.default\">\n\t\t\t\t<div class=\"elementor-widget-container\">\n\t\t\t\t\t\t\t\t\t<div class=\"elementor-button-wrapper\">\n\t\t\t\t\t<a class=\"elementor-button elementor-button-link elementor-size-sm\" href=\"https:\/\/www.terre-et-feu.com\/paris\/inscription-au-stage-modelage-portrait\/\" target=\"_blank\">\n\t\t\t\t\t\t<span class=\"elementor-button-content-wrapper\">\n\t\t\t\t\t\t\t\t\t<span class=\"elementor-button-text\">INSCRIPTION EN LIGNE<\/span>\n\t\t\t\t\t<\/span>\n\t\t\t\t\t<\/a>\n\t\t\t\t<\/div>\n\t\t\t\t\t\t\t\t<\/div>\n\t\t\t\t<\/div>\n\t\t\t\t\t<\/div>\n\t\t<\/div>\n\t\t\t\t<div class=\"elementor-column elementor-col-33 elementor-top-column elementor-element elementor-element-42540bd\" data-id=\"42540bd\" data-element_type=\"column\" data-e-type=\"column\">\n\t\t\t<div class=\"elementor-widget-wrap\">\n\t\t\t\t\t\t\t<\/div>\n\t\t<\/div>\n\t\t\t\t\t<\/div>\n\t\t<\/section>\n\t\t\t\t<\/div>\n\t\t","protected":false},"excerpt":{"rendered":"<p>Stage de Modelage : Le portrait Dimanche 06 Juin 2021 &#8211; dur\u00e9e 6h. De 10h \u00e0 13h et de 14h \u00e0 17h INSCRIPTION EN LIGNE Contenu&nbsp; Ce stage s\u2019adresse aux d\u00e9butants comme aux personnes ayant d\u00e9j\u00e0 une certaine exp\u00e9rience.&nbsp; Par l&rsquo;apprentissage de l&rsquo;Anatomie et par la pratique, vous acquerrez les connaissances fondamentales et n\u00e9cessaires au [&hellip;]<\/p>\n","protected":false},"author":1,"featured_media":542,"comment_status":"open","ping_status":"open","sticky":false,"template":"elementor_header_footer","format":"standard","meta":{"footnotes":""},"categories":[4],"tags":[],"class_list":["post-541","post","type-post","status-publish","format-standard","has-post-thumbnail","hentry","category-ceramique"],"aioseo_notices":[],"_links":{"self":[{"href":"https:\/\/www.terre-et-feu.com\/paris-14\/wp-json\/wp\/v2\/posts\/541","targetHints":{"allow":["GET"]}}],"collection":[{"href":"https:\/\/www.terre-et-feu.com\/paris-14\/wp-json\/wp\/v2\/posts"}],"about":[{"href":"https:\/\/www.terre-et-feu.com\/paris-14\/wp-json\/wp\/v2\/types\/post"}],"author":[{"embeddable":true,"href":"https:\/\/www.terre-et-feu.com\/paris-14\/wp-json\/wp\/v2\/users\/1"}],"replies":[{"embeddable":true,"href":"https:\/\/www.terre-et-feu.com\/paris-14\/wp-json\/wp\/v2\/comments?post=541"}],"version-history":[{"count":11,"href":"https:\/\/www.terre-et-feu.com\/paris-14\/wp-json\/wp\/v2\/posts\/541\/revisions"}],"predecessor-version":[{"id":555,"href":"https:\/\/www.terre-et-feu.com\/paris-14\/wp-json\/wp\/v2\/posts\/541\/revisions\/555"}],"wp:featuredmedia":[{"embeddable":true,"href":"https:\/\/www.terre-et-feu.com\/paris-14\/wp-json\/wp\/v2\/media\/542"}],"wp:attachment":[{"href":"https:\/\/www.terre-et-feu.com\/paris-14\/wp-json\/wp\/v2\/media?parent=541"}],"wp:term":[{"taxonomy":"category","embeddable":true,"href":"https:\/\/www.terre-et-feu.com\/paris-14\/wp-json\/wp\/v2\/categories?post=541"},{"taxonomy":"post_tag","embeddable":true,"href":"https:\/\/www.terre-et-feu.com\/paris-14\/wp-json\/wp\/v2\/tags?post=541"}],"curies":[{"name":"wp","href":"https:\/\/api.w.org\/{rel}","templated":true}]}}